{"id":13905,"date":"2025-05-15T11:12:18","date_gmt":"2025-05-15T11:12:18","guid":{"rendered":"https:\/\/nai.is\/?p=13905"},"modified":"2025-05-15T11:12:19","modified_gmt":"2025-05-15T11:12:19","slug":"sos-fundur-1600-17-05-2025","status":"publish","type":"post","link":"https:\/\/nai.is\/en\/sos-fundur-1600-17-05-2025\/","title":{"rendered":"SOS fundur 16:00 &#8211; 17\/05\/2025"},"content":{"rendered":"<p>SOS stendur fyrir \u2018<strong>s<\/strong>j\u00fakrah\u00fas <strong>o<\/strong>g <strong>s<\/strong>tofnanir\u2019 og s\u00e9r s\u00fa nefnd m.a. um a\u00f0 manna fundi inn \u00e1 stofnanir \u00e1samt \u00fev\u00ed a\u00f0 sj\u00e1 um hj\u00e1lpars\u00edma NA samtakanna \u00e1 \u00cdslandi.<\/p>\n\n\n\n<p>H\u00e6gt er a\u00f0 skr\u00e1 sig \u00e1 lista til a\u00f0 bj\u00f3\u00f0a sig fram til a\u00f0 fara me\u00f0 fundi \u00e1 stofnun, vera til taks fyrir 12. spors \u00fatk\u00f6ll e\u00f0a vera me\u00f0 hj\u00e1lpars\u00edma samtakanna. Svo er au\u00f0vita\u00f0 h\u00e6gt a\u00f0 m\u00e6ta bara \u00e1 fundinn og forvitnast.<\/p>\n\n\n\n<p>Fyrir frekari uppl\u00fdsingar um starf SOS, smelltu <a href=\"https:\/\/nai.is\/en\/hlutverk-sos\/\" target=\"_blank\" rel=\"noreferrer noopener\">H\u00c9R<\/a><\/p>\n\n\n\n<p>Til a\u00f0 skr\u00e1 \u00feig \u00e1 lista til a\u00f0 fara \u00e1 stofnun, smelltu <a href=\"https:\/\/nai.is\/en\/soslisti\/\" target=\"_blank\" rel=\"noreferrer noopener\">H\u00c9R<\/a><\/p>\n\n\n\n<p>Endilega komdu og vertu me\u00f0 \u00ed \u00feessu fr\u00e1b\u00e6ra starfi, a\u00f0 bera \u00fat bo\u00f0skap samtakanna.<\/p>\n\n\n\n<p><\/p>","protected":false},"excerpt":{"rendered":"<p>SOS stendur fyrir \u2018sj\u00fakrah\u00fas og stofnanir\u2019 og s\u00e9r s\u00fa nefnd m.a. um a\u00f0 manna fundi inn \u00e1 stofnanir \u00e1samt \u00fev\u00ed a\u00f0 sj\u00e1 um hj\u00e1lpars\u00edma NA samtakanna \u00e1 \u00cdslandi. H\u00e6gt er a\u00f0 skr\u00e1 sig \u00e1 lista til a\u00f0 bj\u00f3\u00f0a sig fram til a\u00f0 fara me\u00f0 fundi \u00e1 stofnun, vera til taks fyrir 12. spors \u00fatk\u00f6ll e\u00f0a <a class=\"read-more\" href=\"https:\/\/nai.is\/en\/sos-fundur-1600-17-05-2025\/\">READ MORE<\/a><\/p>","protected":false},"author":16,"featured_media":0,"comment_status":"closed","ping_status":"closed","sticky":false,"template":"","format":"standard","meta":{"_exactmetrics_skip_tracking":false,"_exactmetrics_sitenote_active":false,"_exactmetrics_sitenote_note":"","_exactmetrics_sitenote_category":0,"footnotes":"","_links_to":"","_links_to_target":""},"categories":[23],"tags":[],"class_list":["post-13905","post","type-post","status-publish","format-standard","hentry","category-frettir"],"jetpack_featured_media_url":"","_links":{"self":[{"href":"https:\/\/nai.is\/en\/wp-json\/wp\/v2\/posts\/13905","targetHints":{"allow":["GET"]}}],"collection":[{"href":"https:\/\/nai.is\/en\/wp-json\/wp\/v2\/posts"}],"about":[{"href":"https:\/\/nai.is\/en\/wp-json\/wp\/v2\/types\/post"}],"author":[{"embeddable":true,"href":"https:\/\/nai.is\/en\/wp-json\/wp\/v2\/users\/16"}],"replies":[{"embeddable":true,"href":"https:\/\/nai.is\/en\/wp-json\/wp\/v2\/comments?post=13905"}],"version-history":[{"count":0,"href":"https:\/\/nai.is\/en\/wp-json\/wp\/v2\/posts\/13905\/revisions"}],"wp:attachment":[{"href":"https:\/\/nai.is\/en\/wp-json\/wp\/v2\/media?parent=13905"}],"wp:term":[{"taxonomy":"category","embeddable":true,"href":"https:\/\/nai.is\/en\/wp-json\/wp\/v2\/categories?post=13905"},{"taxonomy":"post_tag","embeddable":true,"href":"https:\/\/nai.is\/en\/wp-json\/wp\/v2\/tags?post=13905"}],"curies":[{"name":"wp","href":"https:\/\/api.w.org\/{rel}","templated":true}]}}