{"id":13641,"date":"2024-05-08T14:40:00","date_gmt":"2024-05-08T14:40:00","guid":{"rendered":"https:\/\/nai.is\/?p=13641"},"modified":"2024-05-08T14:40:59","modified_gmt":"2024-05-08T14:40:59","slug":"landsthjonustufundur-18-mai-2024","status":"publish","type":"post","link":"https:\/\/nai.is\/en\/landsthjonustufundur-18-mai-2024\/","title":{"rendered":"Lands\u00fej\u00f3nustufundur 18. ma\u00ed 2024"},"content":{"rendered":"<p>\u00de\u00e1 er komi\u00f0 a\u00f0 \u00f6\u00f0rum lands\u00fej\u00f3nustufundi \u00e1rsins. Hann ver\u00f0ur haldinn \u00ed risinu \u00ed Gula H\u00fasinu kl 16:00 \u00feann 18. ma\u00ed. N\u00f3g af lausum \u00fej\u00f3nustum \u00ed bo\u00f0i og hvet \u00e9g \u00f6ll til a\u00f0 koma og amk kynna s\u00e9r starfi\u00f0 sem \u00e1 s\u00e9r sta\u00f0 hj\u00e1 okkur, hvort sem \u00fe\u00fa vilt skr\u00e1 \u00feig \u00ed \u00fej\u00f3nustu e\u00f0a bara forvitnast. \u00d6ll eru velkomin og ver\u00f0ur teki\u00f0 vel \u00e1 m\u00f3ti ykkur. \u00c1 lands\u00fej\u00f3nustufundum r\u00e6\u00f0um vi\u00f0 \u00fdmis m\u00e1l sem tengjast samt\u00f6kunum og sj\u00e1um um \u00feau m\u00e1l sem deildirnar sj\u00e1lfar sj\u00e1 ekki um. <\/p>\n\n\n\n<p>Frekari uppl\u00fdsingar er h\u00e6gt a\u00f0 n\u00e1lgast me\u00f0 \u00fev\u00ed a\u00f0 smella <strong><a href=\"https:\/\/nai.is\/en\/lands-og-svaedisthjonusta\/\">H\u00c9R<\/a><\/strong> e\u00f0a senda p\u00f3st \u00e1 na@nai.is<\/p>\n\n\n\n<p><strong>Lausar \u00fej\u00f3nustur:<\/strong><\/p>\n\n\n\n<p>Landsfulltr\u00fai<\/p>\n\n\n\n<p>Vara-Landsfulltr\u00fai<\/p>\n\n\n\n<p>Forma\u00f0ur<\/p>\n\n\n\n<p>Vara-Forma\u00f0ur<\/p>\n\n\n\n<p>Forma\u00f0ur SOS<\/p>\n\n\n\n<p>\u00c1byrg\u00f0ara\u00f0ili AT-vinnuh\u00f3ps<\/p>\n\n\n\n<p><\/p>","protected":false},"excerpt":{"rendered":"<p>\u00de\u00e1 er komi\u00f0 a\u00f0 \u00f6\u00f0rum lands\u00fej\u00f3nustufundi \u00e1rsins. Hann ver\u00f0ur haldinn \u00ed risinu \u00ed Gula H\u00fasinu kl 16:00 \u00feann 18. ma\u00ed. N\u00f3g af lausum \u00fej\u00f3nustum \u00ed bo\u00f0i og hvet \u00e9g \u00f6ll til a\u00f0 koma og amk kynna s\u00e9r starfi\u00f0 sem \u00e1 s\u00e9r sta\u00f0 hj\u00e1 okkur, hvort sem \u00fe\u00fa vilt skr\u00e1 \u00feig \u00ed \u00fej\u00f3nustu e\u00f0a bara forvitnast. <a class=\"read-more\" href=\"https:\/\/nai.is\/en\/landsthjonustufundur-18-mai-2024\/\">READ MORE<\/a><\/p>","protected":false},"author":16,"featured_media":0,"comment_status":"closed","ping_status":"closed","sticky":false,"template":"","format":"standard","meta":{"_exactmetrics_skip_tracking":false,"_exactmetrics_sitenote_active":false,"_exactmetrics_sitenote_note":"","_exactmetrics_sitenote_category":0,"footnotes":"","_links_to":"","_links_to_target":""},"categories":[23],"tags":[],"class_list":["post-13641","post","type-post","status-publish","format-standard","hentry","category-frettir"],"jetpack_featured_media_url":"","_links":{"self":[{"href":"https:\/\/nai.is\/en\/wp-json\/wp\/v2\/posts\/13641","targetHints":{"allow":["GET"]}}],"collection":[{"href":"https:\/\/nai.is\/en\/wp-json\/wp\/v2\/posts"}],"about":[{"href":"https:\/\/nai.is\/en\/wp-json\/wp\/v2\/types\/post"}],"author":[{"embeddable":true,"href":"https:\/\/nai.is\/en\/wp-json\/wp\/v2\/users\/16"}],"replies":[{"embeddable":true,"href":"https:\/\/nai.is\/en\/wp-json\/wp\/v2\/comments?post=13641"}],"version-history":[{"count":0,"href":"https:\/\/nai.is\/en\/wp-json\/wp\/v2\/posts\/13641\/revisions"}],"wp:attachment":[{"href":"https:\/\/nai.is\/en\/wp-json\/wp\/v2\/media?parent=13641"}],"wp:term":[{"taxonomy":"category","embeddable":true,"href":"https:\/\/nai.is\/en\/wp-json\/wp\/v2\/categories?post=13641"},{"taxonomy":"post_tag","embeddable":true,"href":"https:\/\/nai.is\/en\/wp-json\/wp\/v2\/tags?post=13641"}],"curies":[{"name":"wp","href":"https:\/\/api.w.org\/{rel}","templated":true}]}}