{"id":13566,"date":"2023-11-07T09:45:49","date_gmt":"2023-11-07T09:45:49","guid":{"rendered":"https:\/\/nai.is\/?p=13566"},"modified":"2023-11-07T09:45:52","modified_gmt":"2023-11-07T09:45:52","slug":"landsthjonustufundur-11-11-23","status":"publish","type":"post","link":"https:\/\/nai.is\/en\/landsthjonustufundur-11-11-23\/","title":{"rendered":"Lands\u00fej\u00f3nustufundur 11.11.23"},"content":{"rendered":"<p>\u00de\u00e1 er komi\u00f0 a\u00f0 lands\u00fej\u00f3nustufundi. Hann ver\u00f0ur 11. n\u00f3vember kl. 4 \u00ed risinu \u00ed Gula, Tjarnarg\u00f6tu 20. <\/p>\n\n\n\n<p>Lands\u00fej\u00f3nusta s\u00e9r um \u00f6ll \u00feau m\u00e1l sem deildirnar sj\u00e1lfar sj\u00e1 ekki um. \u00ddmisleg m\u00e1l ver\u00f0a r\u00e6dd og er \u00f6llum velkomi\u00f0 a\u00f0 taka \u00fe\u00e1tt \u00ed \u00feeim umr\u00e6\u00f0um.<\/p>\n\n\n\n<p>M\u00e6li me\u00f0 a\u00f0 \u00f6ll komi og kynni s\u00e9r hva\u00f0 fer fram \u00e1 bakvi\u00f0 tj\u00f6ldin og sj\u00e1 hversu st\u00f3rt batter\u00ed NA samt\u00f6kin \u00e1 \u00cdslandi eru.<\/p>\n\n\n\n<p><\/p>\n\n\n\n<p>\u00dea\u00f0 er laus \u00fej\u00f3nusta:<\/p>\n\n\n\n<p>-Ritari<\/p>\n\n\n\n<p><\/p>\n\n\n\n<p>Hvort sem \u00fe\u00fa vilt koma \u00ed \u00fej\u00f3nustu e\u00f0a ert bara forvitin\/n\/\u00f0 \u00fe\u00e1 hvetjum vi\u00f0 \u00feig til a\u00f0 koma og t\u00e9kka \u00e1 \u00feessu.<\/p>\n\n\n\n<p>Frekari uppl\u00fdsingar er h\u00e6gt a\u00f0 n\u00e1lgast <strong><a href=\"https:\/\/nai.is\/en\/lands-og-svaedisthjonusta\/\">H\u00c9R<\/a><\/strong><\/p>\n\n\n\n<p>Hl\u00f6kkum til a\u00f0 sj\u00e1 \u00feig!<\/p>","protected":false},"excerpt":{"rendered":"<p>\u00de\u00e1 er komi\u00f0 a\u00f0 lands\u00fej\u00f3nustufundi. Hann ver\u00f0ur 11. n\u00f3vember kl. 4 \u00ed risinu \u00ed Gula, Tjarnarg\u00f6tu 20. Lands\u00fej\u00f3nusta s\u00e9r um \u00f6ll \u00feau m\u00e1l sem deildirnar sj\u00e1lfar sj\u00e1 ekki um. \u00ddmisleg m\u00e1l ver\u00f0a r\u00e6dd og er \u00f6llum velkomi\u00f0 a\u00f0 taka \u00fe\u00e1tt \u00ed \u00feeim umr\u00e6\u00f0um. M\u00e6li me\u00f0 a\u00f0 \u00f6ll komi og kynni s\u00e9r hva\u00f0 fer fram \u00e1 <a class=\"read-more\" href=\"https:\/\/nai.is\/en\/landsthjonustufundur-11-11-23\/\">READ MORE<\/a><\/p>","protected":false},"author":16,"featured_media":0,"comment_status":"closed","ping_status":"closed","sticky":false,"template":"","format":"standard","meta":{"_exactmetrics_skip_tracking":false,"_exactmetrics_sitenote_active":false,"_exactmetrics_sitenote_note":"","_exactmetrics_sitenote_category":0,"footnotes":"","_links_to":"","_links_to_target":""},"categories":[23],"tags":[],"class_list":["post-13566","post","type-post","status-publish","format-standard","hentry","category-frettir"],"jetpack_featured_media_url":"","_links":{"self":[{"href":"https:\/\/nai.is\/en\/wp-json\/wp\/v2\/posts\/13566","targetHints":{"allow":["GET"]}}],"collection":[{"href":"https:\/\/nai.is\/en\/wp-json\/wp\/v2\/posts"}],"about":[{"href":"https:\/\/nai.is\/en\/wp-json\/wp\/v2\/types\/post"}],"author":[{"embeddable":true,"href":"https:\/\/nai.is\/en\/wp-json\/wp\/v2\/users\/16"}],"replies":[{"embeddable":true,"href":"https:\/\/nai.is\/en\/wp-json\/wp\/v2\/comments?post=13566"}],"version-history":[{"count":0,"href":"https:\/\/nai.is\/en\/wp-json\/wp\/v2\/posts\/13566\/revisions"}],"wp:attachment":[{"href":"https:\/\/nai.is\/en\/wp-json\/wp\/v2\/media?parent=13566"}],"wp:term":[{"taxonomy":"category","embeddable":true,"href":"https:\/\/nai.is\/en\/wp-json\/wp\/v2\/categories?post=13566"},{"taxonomy":"post_tag","embeddable":true,"href":"https:\/\/nai.is\/en\/wp-json\/wp\/v2\/tags?post=13566"}],"curies":[{"name":"wp","href":"https:\/\/api.w.org\/{rel}","templated":true}]}}