{"id":13478,"date":"2023-08-27T23:03:23","date_gmt":"2023-08-27T23:03:23","guid":{"rendered":"https:\/\/nai.is\/?p=13478"},"modified":"2023-08-27T23:03:26","modified_gmt":"2023-08-27T23:03:26","slug":"landsthjonustufundur-9-sept-2023","status":"publish","type":"post","link":"https:\/\/nai.is\/en\/landsthjonustufundur-9-sept-2023\/","title":{"rendered":"Lands\u00fej\u00f3nustufundur 9.sept 2023"},"content":{"rendered":"<p>Lands\u00fej\u00f3nustufundur ver\u00f0ur haldinn kl 16:00 \u00feann 9. september.<\/p>\n\n\n\n<p>Fundurinn ver\u00f0ur haldinn \u00e1 3. h\u00e6\u00f0 \u00ed Gula H\u00fasinu(risi\u00f0).<\/p>\n\n\n\n<p><\/p>\n\n\n\n<p>\u00d6llum er velkomi\u00f0 a\u00f0 koma og kynna s\u00e9r \u00feau st\u00f6rf sem Lands\u00fej\u00f3nusta sinnir, engin skylda er a\u00f0 vera \u00ed e\u00f0a taka a\u00f0 s\u00e9r \u00fej\u00f3nustu.<\/p>\n\n\n\n<p><\/p>\n\n\n\n<p>\u00de\u00e6r \u00fej\u00f3nustur sem eru lausar eru:<\/p>\n\n\n\n<p>-Ritari<\/p>\n\n\n\n<p>-Vara-gjaldkeri<\/p>\n\n\n\n<p><\/p>\n\n\n\n<p>Fyrir frekari uppl\u00fdsingar er h\u00e6gt a\u00f0 senda email \u00e1 na@nai.is e\u00f0a sko\u00f0a \u00feessa s\u00ed\u00f0u: <a href=\"https:\/\/nai.is\/en\/lands-og-svaedisthjonusta\/\">https:\/\/nai.is\/lands-og-svaedisthjonusta\/<\/a><\/p>","protected":false},"excerpt":{"rendered":"<p>Lands\u00fej\u00f3nustufundur ver\u00f0ur haldinn kl 16:00 \u00feann 9. september. Fundurinn ver\u00f0ur haldinn \u00e1 3. h\u00e6\u00f0 \u00ed Gula H\u00fasinu(risi\u00f0). \u00d6llum er velkomi\u00f0 a\u00f0 koma og kynna s\u00e9r \u00feau st\u00f6rf sem Lands\u00fej\u00f3nusta sinnir, engin skylda er a\u00f0 vera \u00ed e\u00f0a taka a\u00f0 s\u00e9r \u00fej\u00f3nustu. \u00de\u00e6r \u00fej\u00f3nustur sem eru lausar eru: -Ritari -Vara-gjaldkeri Fyrir frekari uppl\u00fdsingar er h\u00e6gt a\u00f0 <a class=\"read-more\" href=\"https:\/\/nai.is\/en\/landsthjonustufundur-9-sept-2023\/\">READ MORE<\/a><\/p>","protected":false},"author":16,"featured_media":0,"comment_status":"closed","ping_status":"closed","sticky":false,"template":"","format":"standard","meta":{"_exactmetrics_skip_tracking":false,"_exactmetrics_sitenote_active":false,"_exactmetrics_sitenote_note":"","_exactmetrics_sitenote_category":0,"footnotes":"","_links_to":"","_links_to_target":""},"categories":[23],"tags":[],"class_list":["post-13478","post","type-post","status-publish","format-standard","hentry","category-frettir"],"jetpack_featured_media_url":"","_links":{"self":[{"href":"https:\/\/nai.is\/en\/wp-json\/wp\/v2\/posts\/13478","targetHints":{"allow":["GET"]}}],"collection":[{"href":"https:\/\/nai.is\/en\/wp-json\/wp\/v2\/posts"}],"about":[{"href":"https:\/\/nai.is\/en\/wp-json\/wp\/v2\/types\/post"}],"author":[{"embeddable":true,"href":"https:\/\/nai.is\/en\/wp-json\/wp\/v2\/users\/16"}],"replies":[{"embeddable":true,"href":"https:\/\/nai.is\/en\/wp-json\/wp\/v2\/comments?post=13478"}],"version-history":[{"count":0,"href":"https:\/\/nai.is\/en\/wp-json\/wp\/v2\/posts\/13478\/revisions"}],"wp:attachment":[{"href":"https:\/\/nai.is\/en\/wp-json\/wp\/v2\/media?parent=13478"}],"wp:term":[{"taxonomy":"category","embeddable":true,"href":"https:\/\/nai.is\/en\/wp-json\/wp\/v2\/categories?post=13478"},{"taxonomy":"post_tag","embeddable":true,"href":"https:\/\/nai.is\/en\/wp-json\/wp\/v2\/tags?post=13478"}],"curies":[{"name":"wp","href":"https:\/\/api.w.org\/{rel}","templated":true}]}}