{"id":13466,"date":"2023-07-29T17:40:43","date_gmt":"2023-07-29T17:40:43","guid":{"rendered":"https:\/\/nai.is\/?p=13466"},"modified":"2023-07-29T17:40:45","modified_gmt":"2023-07-29T17:40:45","slug":"na-grill-og-chill%f0%9f%98%8e","status":"publish","type":"post","link":"https:\/\/nai.is\/en\/na-grill-og-chill%f0%9f%98%8e\/","title":{"rendered":"NA grill og chill&#x1f60e;"},"content":{"rendered":"<p>M\u00e1nudagsdeildin stendur fyrir grilli \u00ed Gufunesi, f\u00f6studaginn 4. \u00e1g\u00fast kl 16:00 &#8211; 18:00. NA f\u00e9lagar og fj\u00f6lskyldur velkomin. \u00dea\u00f0 ver\u00f0ur bo\u00f0i\u00f0 upp \u00e1 \u00edslenskar SS pylsur og gos\/dj\u00fas. Kannski einhver s\u00e6tindi l\u00edka og a\u00f0 sj\u00e1lfs\u00f6g\u00f0u kaffi \u00e1 eftir.<\/p>\n\n\n\n<p>DJ Kjartan \u00e6tlar a\u00f0 henda \u00ed play-lista og taka me\u00f0 gr\u00e6jur svo a\u00f0 engum \u00e6tti a\u00f0 lei\u00f0ast.<\/p>\n\n\n\n<p>Vinsamlega skr\u00e1\u00f0u \u00feig me\u00f0 nafni (fornafn er n\u00f3g) og fj\u00f6lda gesta (s\u00e9rstakir reitir fyrir fj\u00f6lda fullor\u00f0na og fj\u00f6lda barna)\u00a0fyrir lok mi\u00f0vikudags, 2. \u00e1g\u00fast. Bo\u00f0i\u00f0 ver\u00f0ur upp \u00e1 dj\u00fas fyrir b\u00f6rnin en gos fyrir hin.<\/p>\n\n\n\n<p>Skr\u00e1i\u00f0 ykkur h\u00e9r: <a href=\"https:\/\/docs.google.com\/forms\/u\/1\/d\/e\/1FAIpQLSdADVA32SsUlkS_C9l6NLM4Tcjb2idWygu5TUW1DsYiBv02tw\/viewform?usp=sharing\">https:\/\/docs.google.com\/forms\/u\/1\/d\/e\/1FAIpQLSdADVA32SsUlkS_C9l6NLM4Tcjb2idWygu5TUW1DsYiBv02tw\/viewform?usp=sharing<\/a><\/p>\n\n\n\n<p>Hafir \u00fe\u00fa einhverjar s\u00e9r\u00fearfir vinsamlega sendu p\u00f3st \u00e1 fikill@nai.is e\u00f0a hringdu \u00ed s. 6917778 (Illugi).<\/p>","protected":false},"excerpt":{"rendered":"<p>M\u00e1nudagsdeildin stendur fyrir grilli \u00ed Gufunesi, f\u00f6studaginn 4. \u00e1g\u00fast kl 16:00 &#8211; 18:00. NA f\u00e9lagar og fj\u00f6lskyldur velkomin. \u00dea\u00f0 ver\u00f0ur bo\u00f0i\u00f0 upp \u00e1 \u00edslenskar SS pylsur og gos\/dj\u00fas. Kannski einhver s\u00e6tindi l\u00edka og a\u00f0 sj\u00e1lfs\u00f6g\u00f0u kaffi \u00e1 eftir. DJ Kjartan \u00e6tlar a\u00f0 henda \u00ed play-lista og taka me\u00f0 gr\u00e6jur svo a\u00f0 engum \u00e6tti a\u00f0 lei\u00f0ast. <a class=\"read-more\" href=\"https:\/\/nai.is\/en\/na-grill-og-chill%f0%9f%98%8e\/\">READ MORE<\/a><\/p>","protected":false},"author":16,"featured_media":0,"comment_status":"closed","ping_status":"closed","sticky":false,"template":"","format":"standard","meta":{"_exactmetrics_skip_tracking":false,"_exactmetrics_sitenote_active":false,"_exactmetrics_sitenote_note":"","_exactmetrics_sitenote_category":0,"footnotes":"","_links_to":"","_links_to_target":""},"categories":[23],"tags":[],"class_list":["post-13466","post","type-post","status-publish","format-standard","hentry","category-frettir"],"jetpack_featured_media_url":"","_links":{"self":[{"href":"https:\/\/nai.is\/en\/wp-json\/wp\/v2\/posts\/13466","targetHints":{"allow":["GET"]}}],"collection":[{"href":"https:\/\/nai.is\/en\/wp-json\/wp\/v2\/posts"}],"about":[{"href":"https:\/\/nai.is\/en\/wp-json\/wp\/v2\/types\/post"}],"author":[{"embeddable":true,"href":"https:\/\/nai.is\/en\/wp-json\/wp\/v2\/users\/16"}],"replies":[{"embeddable":true,"href":"https:\/\/nai.is\/en\/wp-json\/wp\/v2\/comments?post=13466"}],"version-history":[{"count":0,"href":"https:\/\/nai.is\/en\/wp-json\/wp\/v2\/posts\/13466\/revisions"}],"wp:attachment":[{"href":"https:\/\/nai.is\/en\/wp-json\/wp\/v2\/media?parent=13466"}],"wp:term":[{"taxonomy":"category","embeddable":true,"href":"https:\/\/nai.is\/en\/wp-json\/wp\/v2\/categories?post=13466"},{"taxonomy":"post_tag","embeddable":true,"href":"https:\/\/nai.is\/en\/wp-json\/wp\/v2\/tags?post=13466"}],"curies":[{"name":"wp","href":"https:\/\/api.w.org\/{rel}","templated":true}]}}