{"id":13337,"date":"2022-11-05T19:33:29","date_gmt":"2022-11-05T19:33:29","guid":{"rendered":"https:\/\/nai.is\/?p=13337"},"modified":"2022-11-10T17:50:31","modified_gmt":"2022-11-10T17:50:31","slug":"dagskra-afmaelishelgarinnar-scheduele-for-the-anniversary-weekend","status":"publish","type":"post","link":"https:\/\/nai.is\/en\/dagskra-afmaelishelgarinnar-scheduele-for-the-anniversary-weekend\/","title":{"rendered":"Dagskr\u00e1 afm\u00e6lishelgarinnar\/Scheduele for the Anniversary weekend"},"content":{"rendered":"<p><strong>For English please scroll down<\/strong><\/p>\n\n\n\n<p>Dagskr\u00e1 afm\u00e6lishelgarinnar sem stendur yfir fr\u00e1 f\u00f6studegi til sunnudags, 11.-13. n\u00f3vember<\/p>\n\n\n\n<p><strong>F\u00f6studagur 11\/11<\/strong><\/p>\n\n\n\n<figure class=\"wp-block-table\"><table><tbody><tr><td>Hva\u00f0<\/td><td>Hvar<\/td><td>Klukkan hva\u00f0<\/td><\/tr><tr><td>Speakerfundur: Sigr\u00fan P.<\/td><td>&nbsp; Gula h\u00fasi\u00f0 (ris)<\/td><td>&nbsp; 21:00 &#8211; 22:00<\/td><\/tr><\/tbody><\/table><\/figure>\n\n\n\n<p>Vi\u00f0 st\u00f6rtum gle\u00f0inni hj\u00e1 N\u00fdli\u00f0adeild NA. Sigr\u00fan P. deilir me\u00f0 okkur NA bo\u00f0skapnum \u00e1\u00f0ur en or\u00f0i\u00f0 er svo gefi\u00f0 laust.<\/p>\n\n\n\n<p><strong>Laugardagur 12\/11<\/strong><\/p>\n\n\n\n<figure class=\"wp-block-table\"><table><tbody><tr><td>Hva\u00f0<\/td><td>Hvar<\/td><td>Klukkan hva\u00f0<\/td><\/tr><tr><td>R\u00e1\u00f0stefna: workshop &amp; speak (<a href=\"https:\/\/nai.is\/en\/product\/40-ara-afmaeli-na-a-islandi\/\"><span class=\"has-inline-color has-vivid-cyan-blue-color\"><span style=\"text-decoration: underline;\">mi\u00f0asala \u00ed gangi<\/span><\/span><\/a>)<\/td><td>&nbsp; Von (S\u00c1\u00c1)<\/td><td>&nbsp; 11:00 &#8211; 16:00<\/td><\/tr><tr><td>Kv\u00f6ldver\u00f0ur og skemmtun (mi\u00f0as\u00f6lu loki\u00f0)<\/td><td>&nbsp; Von (S\u00c1\u00c1)<\/td><td>&nbsp; 18:00 &#8211; 20:00<\/td><\/tr><tr><td>Part\u00fd: DJ-ar me\u00f0 l\u00e6ti (<a href=\"https:\/\/nai.is\/en\/product\/40-ara-afmaeli-na-a-islandi\/\"><span class=\"has-inline-color has-vivid-cyan-blue-color\"><span style=\"text-decoration: underline;\">mi\u00f0asala \u00ed gangi<\/span><\/span><\/a>)<\/td><td>&nbsp; Von (S\u00c1\u00c1)<\/td><td>&nbsp; 21:00 og fram \u00e1 n\u00f3tt<\/td><\/tr><\/tbody><\/table><\/figure>\n\n\n\n<p>R\u00e1\u00f0stefnan hefst kl 11 (h\u00fasi\u00f0 opnar 30 m\u00edn fyrr) me\u00f0 vinnustofu um NA f\u00e9lagsskapinn sem hluta af samf\u00e9laginu. Simon J. sem er reyndur NA f\u00e9lagi deilir \u00feekkingu sinni me\u00f0 okkur (90 m\u00edn).&nbsp;KL 13 ver\u00f0a speakerar, Inga H. &amp; Bjarki deila s\u00f6gu sinni og NA bo\u00f0skapnum (60 m\u00edn).&nbsp;KL 14:30 er \u00f6nnur vinnustofa \u00fear sem Simon setur okkur fyrir verkefni um mikilv\u00e6gi fj\u00f6lbreytileika \u00ed NA, a\u00f0 f\u00edklar eru allskyns og \u00e6ttu \u00f6ll a\u00f0 finnast \u00feau vera velkomin \u00e1 fundina okkar (90 m\u00edn).<\/p>\n\n\n\n<p><br><strong>Sunnudagur 13\/11<\/strong><\/p>\n\n\n\n<figure class=\"wp-block-table\"><table><tbody><tr><td>Hva\u00f0<\/td><td>Hvar<\/td><td>Klukkan hva\u00f0<\/td><\/tr><tr><td>Samvera: Sund og\/e\u00f0a kv\u00f6ldmatur<\/td><td>&nbsp; TBD<\/td><td>&nbsp; TBD<\/td><\/tr><tr><td>Speakerfundur: \u00d3mar S.<\/td><td>&nbsp; Gula h\u00fasi\u00f0 (ris)<\/td><td>&nbsp; 21:00 &#8211; 22:00<\/td><\/tr><\/tbody><\/table><\/figure>\n\n\n\n<p>\u00dea\u00f0 koma nokkrir erlendir NA f\u00e9lagar \u00e1 r\u00e1\u00f0stefnuna. Tilvali\u00f0 er a\u00f0 taka sunnudaginn \u00ed samveru me\u00f0 \u00feeim\u2026e\u00f0a bara \u00f6\u00f0rum NA f\u00e9l\u00f6gum. Engin formlegheit. Bara sprell. Sund og l\u00e9ttur kv\u00f6ldver\u00f0ur saman.<\/p>\n\n\n\n<p>Vi\u00f0 lokum r\u00e1\u00f0stefnunni \u00ed k\u00f3s\u00fdheitum hj\u00e1 Sunnudagsdeild. \u00d3mar S. deilir me\u00f0 okkur NA bo\u00f0skapnum \u00e1\u00f0ur en or\u00f0i\u00f0 er svo gefi\u00f0 laust.<\/p>\n\n\n\n<p>&#8212;&#8212;&#8212;&#8212;&#8212;&#8212;&#8212;&#8212;&#8212;&#8212;&#8212;&#8212;&#8212;&#8212;&#8212;&#8212;&#8212;&#8212;&#8212;&#8212;&#8212;&#8212;&#8212;&#8212;&#8212;&#8212;&#8212;&#8212;&#8212;&#8212;&#8212;&#8212;&#8212;&#8212;&#8212;&#8212;&#8212;&#8212;&#8212;&#8212;&#8212;&#8212;&#8212;&#8212;&#8212;&#8212;&#8212;&#8212;&#8212;&#8212;&#8212;&#8212;&#8212;&#8212;&#8212;&#8212;&#8212;&#8212;&#8212;-<\/p>\n\n\n\n<p><strong>The schedule for 40th anniversary of<\/strong> <strong>NA celebration weekend taking place Friday til Sunday, November 11th-13th<\/strong><\/p>\n\n\n\n<p><strong>Friday 11\/11<\/strong><\/p>\n\n\n\n<figure class=\"wp-block-table\"><table><tbody><tr><td>What<\/td><td>Where<\/td><td>At what time<\/td><\/tr><tr><td>Speaker meeting: Sigr\u00fan P.<\/td><td>The Yellow House (top fl.)<\/td><td>&nbsp; 21:00 &#8211; 22:00<\/td><\/tr><\/tbody><\/table><\/figure>\n\n\n\n<p>Hosted by the Newcomers group. <\/p>\n\n\n\n<p><strong>Saturday 12\/11<\/strong><\/p>\n\n\n\n<figure class=\"wp-block-table\"><table><tbody><tr><td>What<\/td><td>Where<\/td><td>At what time<\/td><\/tr><tr><td>Conference: workshop &amp; speak (<a href=\"https:\/\/nai.is\/en\/product\/40-ara-afmaeli-na-a-islandi\/\"><span style=\"text-decoration: underline;\"><span class=\"has-inline-color has-vivid-cyan-blue-color\">tickets available<\/span><\/span><\/a>)<\/td><td>&nbsp; Von (S\u00c1\u00c1)<\/td><td>&nbsp; 11:00 &#8211; 16:00<\/td><\/tr><tr><td>Dinner &amp; entertainment (SOLD OUT)<\/td><td>&nbsp; Von (S\u00c1\u00c1)<\/td><td>&nbsp; 18:00 &#8211; 20:00<\/td><\/tr><tr><td>Party: DJs (<a href=\"https:\/\/nai.is\/en\/product\/40-ara-afmaeli-na-a-islandi\/\"><span class=\"has-inline-color has-vivid-cyan-blue-color\"><span style=\"text-decoration: underline;\">tickets available under the option &#8216;Skemmtun&#8217;<\/span><\/span><\/a>)<\/td><td>&nbsp; Von (S\u00c1\u00c1)<\/td><td>&nbsp; 21:00 until late<\/td><\/tr><\/tbody><\/table><\/figure>\n\n\n\n<p><strong>Sunday 13\/11<\/strong><\/p>\n\n\n\n<figure class=\"wp-block-table\"><table><tbody><tr><td>What<\/td><td>Where<\/td><td>At what time<\/td><\/tr><tr><td>Get together: Geothermal pools and\/or dinner<\/td><td>  TBD<\/td><td>&nbsp; TBD<\/td><\/tr><tr><td> Speaker: \u00d3mar S. <\/td><td>  The Yellow House (top fl.)<\/td><td>  21:00 &#8211; 22:00<\/td><\/tr><\/tbody><\/table><\/figure>\n\n\n\n<p>Get together with visitors and locals. Nothing formal. Just hanging out. Maybe go swimming and go out to dinner before the meeting.<\/p>\n\n\n\n<p>The speaker meeting is hosted by the Sunday group.<\/p>","protected":false},"excerpt":{"rendered":"<p>For English please scroll down Dagskr\u00e1 afm\u00e6lishelgarinnar sem stendur yfir fr\u00e1 f\u00f6studegi til sunnudags, 11.-13. n\u00f3vember F\u00f6studagur 11\/11 Hva\u00f0 Hvar Klukkan hva\u00f0 Speakerfundur: Sigr\u00fan P. &nbsp; Gula h\u00fasi\u00f0 (ris) &nbsp; 21:00 &#8211; 22:00 Vi\u00f0 st\u00f6rtum gle\u00f0inni hj\u00e1 N\u00fdli\u00f0adeild NA. Sigr\u00fan P. deilir me\u00f0 okkur NA bo\u00f0skapnum \u00e1\u00f0ur en or\u00f0i\u00f0 er svo gefi\u00f0 laust. Laugardagur 12\/11 <a class=\"read-more\" href=\"https:\/\/nai.is\/en\/dagskra-afmaelishelgarinnar-scheduele-for-the-anniversary-weekend\/\">READ MORE<\/a><\/p>","protected":false},"author":16,"featured_media":0,"comment_status":"closed","ping_status":"closed","sticky":false,"template":"","format":"standard","meta":{"_exactmetrics_skip_tracking":false,"_exactmetrics_sitenote_active":false,"_exactmetrics_sitenote_note":"","_exactmetrics_sitenote_category":0,"footnotes":"","_links_to":"","_links_to_target":""},"categories":[23],"tags":[],"class_list":["post-13337","post","type-post","status-publish","format-standard","hentry","category-frettir"],"jetpack_featured_media_url":"","_links":{"self":[{"href":"https:\/\/nai.is\/en\/wp-json\/wp\/v2\/posts\/13337","targetHints":{"allow":["GET"]}}],"collection":[{"href":"https:\/\/nai.is\/en\/wp-json\/wp\/v2\/posts"}],"about":[{"href":"https:\/\/nai.is\/en\/wp-json\/wp\/v2\/types\/post"}],"author":[{"embeddable":true,"href":"https:\/\/nai.is\/en\/wp-json\/wp\/v2\/users\/16"}],"replies":[{"embeddable":true,"href":"https:\/\/nai.is\/en\/wp-json\/wp\/v2\/comments?post=13337"}],"version-history":[{"count":0,"href":"https:\/\/nai.is\/en\/wp-json\/wp\/v2\/posts\/13337\/revisions"}],"wp:attachment":[{"href":"https:\/\/nai.is\/en\/wp-json\/wp\/v2\/media?parent=13337"}],"wp:term":[{"taxonomy":"category","embeddable":true,"href":"https:\/\/nai.is\/en\/wp-json\/wp\/v2\/categories?post=13337"},{"taxonomy":"post_tag","embeddable":true,"href":"https:\/\/nai.is\/en\/wp-json\/wp\/v2\/tags?post=13337"}],"curies":[{"name":"wp","href":"https:\/\/api.w.org\/{rel}","templated":true}]}}