{"id":13240,"date":"2022-09-08T11:49:23","date_gmt":"2022-09-08T11:49:23","guid":{"rendered":"https:\/\/nai.is\/?p=13240"},"modified":"2022-09-08T11:49:25","modified_gmt":"2022-09-08T11:49:25","slug":"hadegisdeild-faerir-sig-um-sal","status":"publish","type":"post","link":"https:\/\/nai.is\/en\/hadegisdeild-faerir-sig-um-sal\/","title":{"rendered":"H\u00e1degisdeild f\u00e6rir sig um sal"},"content":{"rendered":"<p>H\u00e1degisdeild NA \u00e1 fimmtud\u00f6gum kl 12:05 hefur f\u00e6rt sig \u00ed sal 6 \u00ed Holtag\u00f6r\u00f0um. \u00c1\u00f0ur vorum vi\u00f0 \u00ed sal 7.<\/p>\n\n\n\n<p>\u00c9g hvet alla til a\u00f0 m\u00e6ta og fara vel inn \u00ed daginn.<\/p>\n\n\n\n<figure class=\"wp-block-image size-large\"><img fetchpriority=\"high\" decoding=\"async\" width=\"720\" height=\"1024\" src=\"http:\/\/nai.is\/wp-content\/uploads\/2022\/09\/na-fundur-720x1024.jpg\" alt=\"\" class=\"wp-image-13241\" srcset=\"https:\/\/nai.is\/wp-content\/uploads\/2022\/09\/na-fundur-720x1024.jpg 720w, https:\/\/nai.is\/wp-content\/uploads\/2022\/09\/na-fundur-600x854.jpg 600w, https:\/\/nai.is\/wp-content\/uploads\/2022\/09\/na-fundur-211x300.jpg 211w, https:\/\/nai.is\/wp-content\/uploads\/2022\/09\/na-fundur-768x1093.jpg 768w, https:\/\/nai.is\/wp-content\/uploads\/2022\/09\/na-fundur-1079x1536.jpg 1079w, https:\/\/nai.is\/wp-content\/uploads\/2022\/09\/na-fundur.jpg 1099w\" sizes=\"(max-width: 720px) 100vw, 720px\" \/><\/figure>","protected":false},"excerpt":{"rendered":"<p>H\u00e1degisdeild NA \u00e1 fimmtud\u00f6gum kl 12:05 hefur f\u00e6rt sig \u00ed sal 6 \u00ed Holtag\u00f6r\u00f0um. \u00c1\u00f0ur vorum vi\u00f0 \u00ed sal 7. \u00c9g hvet alla til a\u00f0 m\u00e6ta og fara vel inn \u00ed daginn.<\/p>","protected":false},"author":16,"featured_media":0,"comment_status":"closed","ping_status":"closed","sticky":false,"template":"","format":"standard","meta":{"_exactmetrics_skip_tracking":false,"_exactmetrics_sitenote_active":false,"_exactmetrics_sitenote_note":"","_exactmetrics_sitenote_category":0,"footnotes":"","_links_to":"","_links_to_target":""},"categories":[23],"tags":[],"class_list":["post-13240","post","type-post","status-publish","format-standard","hentry","category-frettir"],"jetpack_featured_media_url":"","_links":{"self":[{"href":"https:\/\/nai.is\/en\/wp-json\/wp\/v2\/posts\/13240","targetHints":{"allow":["GET"]}}],"collection":[{"href":"https:\/\/nai.is\/en\/wp-json\/wp\/v2\/posts"}],"about":[{"href":"https:\/\/nai.is\/en\/wp-json\/wp\/v2\/types\/post"}],"author":[{"embeddable":true,"href":"https:\/\/nai.is\/en\/wp-json\/wp\/v2\/users\/16"}],"replies":[{"embeddable":true,"href":"https:\/\/nai.is\/en\/wp-json\/wp\/v2\/comments?post=13240"}],"version-history":[{"count":0,"href":"https:\/\/nai.is\/en\/wp-json\/wp\/v2\/posts\/13240\/revisions"}],"wp:attachment":[{"href":"https:\/\/nai.is\/en\/wp-json\/wp\/v2\/media?parent=13240"}],"wp:term":[{"taxonomy":"category","embeddable":true,"href":"https:\/\/nai.is\/en\/wp-json\/wp\/v2\/categories?post=13240"},{"taxonomy":"post_tag","embeddable":true,"href":"https:\/\/nai.is\/en\/wp-json\/wp\/v2\/tags?post=13240"}],"curies":[{"name":"wp","href":"https:\/\/api.w.org\/{rel}","templated":true}]}}