{"id":12770,"date":"2020-04-26T20:53:40","date_gmt":"2020-04-26T20:53:40","guid":{"rendered":"https:\/\/nai.is\/?p=12770"},"modified":"2020-04-26T20:55:17","modified_gmt":"2020-04-26T20:55:17","slug":"medlimakonnun-na-2020","status":"publish","type":"post","link":"https:\/\/nai.is\/en\/medlimakonnun-na-2020\/","title":{"rendered":"Me\u00f0limak\u00f6nnun NA 2020"},"content":{"rendered":"<p>Almannatengslanefnd (AT) og Lands\u00fej\u00f3nusta NA er a\u00f0 afla uppl\u00fdsinga um f\u00e9laga sem s\u00e6kja NA fundi til \u00feess a\u00f0 \u00e1tta sig betur \u00e1 st\u00f6\u00f0u samtakanna og geta betur gert \u00e1\u00e6tlanir um kynningar- og hj\u00e1lparstarf sitt \u00e1 n\u00e6stunni. \u00dea\u00f0 er gr\u00ed\u00f0arlega mikilv\u00e6gt a\u00f0 kynningarstarf s\u00e9 eflt \u00e1 \u00feessu makalausu t\u00edmum.<br>Til \u00feess a\u00f0 n\u00e1 \u00feessu fram hefur AT sett saman k\u00f6nnun \u00fear sem algj\u00f6rrar nafnleyndar er heiti\u00f0. K\u00f6nnunin sn\u00fdr a\u00f0 helstu bakgrunnsuppl\u00fdsingum f\u00e9laga \u00e1samt t\u00edma hrein af f\u00edkniefnum o.s.frv. \u00dea\u00f0 tekur a\u00f0eins 2 m\u00edn\u00fatur a\u00f0 svara k\u00f6nnuninni.&nbsp;<br>Me\u00f0 \u00fev\u00ed a\u00f0 taka \u00fe\u00e1tt eru NA f\u00e9lagar a\u00f0 leggja sitt \u00e1 m\u00f6rkum vi\u00f0 a\u00f0 gera starf AT og Lands\u00fej\u00f3nstu NA skilvirkara og markvissara.<\/p>\n\n\n\n<p>Ni\u00f0urst\u00f6\u00f0ur k\u00f6nnunarinnar ver\u00f0a nota\u00f0ar \u00ed kynningarefni sem ver\u00f0ur gert a\u00f0gengilegt \u00e1 n\u00e6stu vikum \u00e1 heimas\u00ed\u00f0u NA \u00e1 \u00cdslandi.<br>Hlekkur til a\u00f0 svara k\u00f6nnun:\u00a0<a href=\"https:\/\/nai.is\/en\/medlimakonnun\/\" target=\"_blank\" rel=\"noreferrer noopener\">https:\/\/nai.is\/medlimakonnun<\/a><\/p>","protected":false},"excerpt":{"rendered":"<p>Almannatengslanefnd (AT) og Lands\u00fej\u00f3nusta NA er a\u00f0 afla uppl\u00fdsinga um f\u00e9laga sem s\u00e6kja NA fundi til \u00feess a\u00f0 \u00e1tta sig betur \u00e1 st\u00f6\u00f0u samtakanna og geta betur gert \u00e1\u00e6tlanir um kynningar- og hj\u00e1lparstarf sitt \u00e1 n\u00e6stunni. \u00dea\u00f0 er gr\u00ed\u00f0arlega mikilv\u00e6gt a\u00f0 kynningarstarf s\u00e9 eflt \u00e1 \u00feessu makalausu t\u00edmum.Til \u00feess a\u00f0 n\u00e1 \u00feessu fram hefur AT <a class=\"read-more\" href=\"https:\/\/nai.is\/en\/medlimakonnun-na-2020\/\">READ MORE<\/a><\/p>","protected":false},"author":16,"featured_media":0,"comment_status":"closed","ping_status":"closed","sticky":false,"template":"","format":"standard","meta":{"_exactmetrics_skip_tracking":false,"_exactmetrics_sitenote_active":false,"_exactmetrics_sitenote_note":"","_exactmetrics_sitenote_category":0,"footnotes":"","_links_to":"","_links_to_target":""},"categories":[23],"tags":[],"class_list":["post-12770","post","type-post","status-publish","format-standard","hentry","category-frettir"],"jetpack_featured_media_url":"","_links":{"self":[{"href":"https:\/\/nai.is\/en\/wp-json\/wp\/v2\/posts\/12770","targetHints":{"allow":["GET"]}}],"collection":[{"href":"https:\/\/nai.is\/en\/wp-json\/wp\/v2\/posts"}],"about":[{"href":"https:\/\/nai.is\/en\/wp-json\/wp\/v2\/types\/post"}],"author":[{"embeddable":true,"href":"https:\/\/nai.is\/en\/wp-json\/wp\/v2\/users\/16"}],"replies":[{"embeddable":true,"href":"https:\/\/nai.is\/en\/wp-json\/wp\/v2\/comments?post=12770"}],"version-history":[{"count":0,"href":"https:\/\/nai.is\/en\/wp-json\/wp\/v2\/posts\/12770\/revisions"}],"wp:attachment":[{"href":"https:\/\/nai.is\/en\/wp-json\/wp\/v2\/media?parent=12770"}],"wp:term":[{"taxonomy":"category","embeddable":true,"href":"https:\/\/nai.is\/en\/wp-json\/wp\/v2\/categories?post=12770"},{"taxonomy":"post_tag","embeddable":true,"href":"https:\/\/nai.is\/en\/wp-json\/wp\/v2\/tags?post=12770"}],"curies":[{"name":"wp","href":"https:\/\/api.w.org\/{rel}","templated":true}]}}