{"id":12583,"date":"2020-03-21T20:55:57","date_gmt":"2020-03-21T20:55:57","guid":{"rendered":"https:\/\/nai.is\/?p=12583"},"modified":"2020-03-21T20:56:33","modified_gmt":"2020-03-21T20:56:33","slug":"yfirlysing-vegna-fjarfunda","status":"publish","type":"post","link":"https:\/\/nai.is\/en\/yfirlysing-vegna-fjarfunda\/","title":{"rendered":"Yfirl\u00fdsing vegna fjarfunda"},"content":{"rendered":"<p>Eins og al\u00fej\u00f3\u00f0 veit \u00fe\u00e1 eru \u00fdmsar hr\u00e6ringar \u00ed gangi tengt Covid-19 og tilheyrandi samkomubanni sem t\u00f3k gildi 16. mars 2020.<\/p>\n\n\n\n<p>Deildir og fundarsta\u00f0ir hafa teki\u00f0 h\u00f6ndum saman til a\u00f0 hj\u00e1lpast a\u00f0 \u00ed gegnum \u00feessa ford\u00e6malausu t\u00edma.<br>Sem li\u00f0ur \u00ed \u00feeirri vinnu hefur Lands\u00fej\u00f3nusta NA samtakanna \u00e1kve\u00f0i\u00f0 a\u00f0 hj\u00e1lpa deildum a\u00f0 halda uppi starfinu \u00ed gegnum fjarfundi. Lausnin sem vi\u00f0 m\u00e6lum me\u00f0 heitir Google Meet (\u00e1\u00f0ur \u00feekkt sem Hangouts) og er einf\u00f6ld \u00ed virkni.<\/p>\n\n\n\n<p>Ferli\u00f0 er s\u00e1raeinfalt, ef deildin \u00fe\u00edn hefur \u00e1huga \u00e1 \u00fev\u00ed a\u00f0 bj\u00f3\u00f0a upp \u00e1 fjarfundi \u00fe\u00e1 b\u00e6tir vefstj\u00f3ri hlekk vi\u00f0 fundinn ykkar \u00e1 fundarskr\u00e1nni \u00e1 nai.is og a\u00f0sto\u00f0ar vi\u00f0 a\u00f0 koma \u00feessu upp. \u00deeir sem hafa \u00e1huga \u00e1 a\u00f0 taka \u00fe\u00e1tt \u00ed fundi smella svo einfaldlega \u00e1 hlekk vi\u00f0eigandi fundar til a\u00f0 tengjast.&nbsp;<br><\/p>\n\n\n\n<p>H\u00e9r er hlekkur \u00e1 Hangouts Meet forriti\u00f0 fyrir iPhone &#8211; <a href=\"https:\/\/apple.co\/2U71jAC\">https:\/\/apple.co\/2U71jAC<\/a><\/p>\n\n\n\n<p>H\u00e9r er hlekkur \u00e1 Hangouts Meet forriti\u00f0 fyrir Android &#8211; <a href=\"https:\/\/bit.ly\/2Ji4RtH\">https:\/\/bit.ly\/2Ji4RtH<\/a><br><\/p>\n\n\n\n<p>Deildir geta haft samband vi\u00f0 anna\u00f0hvort vefstj\u00f3ra (<a href=\"mailto:vefstjori@nai.is\">vefstjori@nai.is<\/a>) e\u00f0a vara landsfulltr\u00faa (<a href=\"mailto:varalandsfulltrui@nai.is\">varalandsfulltrui@nai.is<\/a>) ef \u00fe\u00e6r lenda \u00ed vandr\u00e6\u00f0um me\u00f0 \u00feetta.<br><\/p>","protected":false},"excerpt":{"rendered":"<p>Eins og al\u00fej\u00f3\u00f0 veit \u00fe\u00e1 eru \u00fdmsar hr\u00e6ringar \u00ed gangi tengt Covid-19 og tilheyrandi samkomubanni sem t\u00f3k gildi 16. mars 2020. Deildir og fundarsta\u00f0ir hafa teki\u00f0 h\u00f6ndum saman til a\u00f0 hj\u00e1lpast a\u00f0 \u00ed gegnum \u00feessa ford\u00e6malausu t\u00edma.Sem li\u00f0ur \u00ed \u00feeirri vinnu hefur Lands\u00fej\u00f3nusta NA samtakanna \u00e1kve\u00f0i\u00f0 a\u00f0 hj\u00e1lpa deildum a\u00f0 halda uppi starfinu \u00ed gegnum <a class=\"read-more\" href=\"https:\/\/nai.is\/en\/yfirlysing-vegna-fjarfunda\/\">READ MORE<\/a><\/p>","protected":false},"author":16,"featured_media":0,"comment_status":"closed","ping_status":"closed","sticky":false,"template":"","format":"standard","meta":{"_exactmetrics_skip_tracking":false,"_exactmetrics_sitenote_active":false,"_exactmetrics_sitenote_note":"","_exactmetrics_sitenote_category":0,"footnotes":"","_links_to":"","_links_to_target":""},"categories":[23],"tags":[],"class_list":["post-12583","post","type-post","status-publish","format-standard","hentry","category-frettir"],"jetpack_featured_media_url":"","_links":{"self":[{"href":"https:\/\/nai.is\/en\/wp-json\/wp\/v2\/posts\/12583","targetHints":{"allow":["GET"]}}],"collection":[{"href":"https:\/\/nai.is\/en\/wp-json\/wp\/v2\/posts"}],"about":[{"href":"https:\/\/nai.is\/en\/wp-json\/wp\/v2\/types\/post"}],"author":[{"embeddable":true,"href":"https:\/\/nai.is\/en\/wp-json\/wp\/v2\/users\/16"}],"replies":[{"embeddable":true,"href":"https:\/\/nai.is\/en\/wp-json\/wp\/v2\/comments?post=12583"}],"version-history":[{"count":0,"href":"https:\/\/nai.is\/en\/wp-json\/wp\/v2\/posts\/12583\/revisions"}],"wp:attachment":[{"href":"https:\/\/nai.is\/en\/wp-json\/wp\/v2\/media?parent=12583"}],"wp:term":[{"taxonomy":"category","embeddable":true,"href":"https:\/\/nai.is\/en\/wp-json\/wp\/v2\/categories?post=12583"},{"taxonomy":"post_tag","embeddable":true,"href":"https:\/\/nai.is\/en\/wp-json\/wp\/v2\/tags?post=12583"}],"curies":[{"name":"wp","href":"https:\/\/api.w.org\/{rel}","templated":true}]}}