{"id":13401,"date":"2023-02-01T16:09:51","date_gmt":"2023-02-01T16:09:51","guid":{"rendered":"https:\/\/nai.is\/?p=13401"},"modified":"2023-02-01T16:09:53","modified_gmt":"2023-02-01T16:09:53","slug":"nyr-opinn-fundur","status":"publish","type":"post","link":"http:\/\/nai.is\/en\/nyr-opinn-fundur\/","title":{"rendered":"N\u00fdr opinn fundur?"},"content":{"rendered":"<p>H\u00e1degisdeild NA(fimmtudaga kl. 12:05 \u00ed Holtag\u00f6r\u00f0um) mun vera me\u00f0 samviskufund fimmtudaginn 2. febr\u00faar \u00ed sal 6 \u00ed Holtag\u00f6r\u00f0um og \u00fea\u00f0 ver\u00f0ur tekin fyrir tillaga um a\u00f0 hafa fundinn opinn. Opinn fundur er \u00feegar fundurinn er ekki einungis fyrir f\u00edkla, a\u00f0standendur mega l\u00edka m\u00e6ta. Eins og er er einungis einn opinn fundur \u00e1 h\u00f6fu\u00f0borgarsv\u00e6\u00f0inu og einn \u00e1 Akureyri.<\/p>\n\n\n\n<p><\/p>\n\n\n\n<p>Endilega m\u00e6ti\u00f0 og veri\u00f0 me\u00f0 \u00ed a\u00f0 taka \u00feessa \u00e1kv\u00f6r\u00f0un.<\/p>\n\n\n\n<p><\/p>","protected":false},"excerpt":{"rendered":"<p>H\u00e1degisdeild NA(fimmtudaga kl. 12:05 \u00ed Holtag\u00f6r\u00f0um) mun vera me\u00f0 samviskufund fimmtudaginn 2. febr\u00faar \u00ed sal 6 \u00ed Holtag\u00f6r\u00f0um og \u00fea\u00f0 ver\u00f0ur tekin fyrir tillaga um a\u00f0 hafa fundinn opinn. Opinn fundur er \u00feegar fundurinn er ekki einungis fyrir f\u00edkla, a\u00f0standendur mega l\u00edka m\u00e6ta. Eins og er er einungis einn opinn fundur \u00e1 h\u00f6fu\u00f0borgarsv\u00e6\u00f0inu og einn <a class=\"read-more\" href=\"http:\/\/nai.is\/en\/nyr-opinn-fundur\/\">READ MORE<\/a><\/p>","protected":false},"author":16,"featured_media":0,"comment_status":"closed","ping_status":"closed","sticky":false,"template":"","format":"standard","meta":{"_exactmetrics_skip_tracking":false,"_exactmetrics_sitenote_active":false,"_exactmetrics_sitenote_note":"","_exactmetrics_sitenote_category":0,"footnotes":"","_links_to":"","_links_to_target":""},"categories":[23],"tags":[],"class_list":["post-13401","post","type-post","status-publish","format-standard","hentry","category-frettir"],"jetpack_featured_media_url":"","_links":{"self":[{"href":"http:\/\/nai.is\/en\/wp-json\/wp\/v2\/posts\/13401","targetHints":{"allow":["GET"]}}],"collection":[{"href":"http:\/\/nai.is\/en\/wp-json\/wp\/v2\/posts"}],"about":[{"href":"http:\/\/nai.is\/en\/wp-json\/wp\/v2\/types\/post"}],"author":[{"embeddable":true,"href":"http:\/\/nai.is\/en\/wp-json\/wp\/v2\/users\/16"}],"replies":[{"embeddable":true,"href":"http:\/\/nai.is\/en\/wp-json\/wp\/v2\/comments?post=13401"}],"version-history":[{"count":0,"href":"http:\/\/nai.is\/en\/wp-json\/wp\/v2\/posts\/13401\/revisions"}],"wp:attachment":[{"href":"http:\/\/nai.is\/en\/wp-json\/wp\/v2\/media?parent=13401"}],"wp:term":[{"taxonomy":"category","embeddable":true,"href":"http:\/\/nai.is\/en\/wp-json\/wp\/v2\/categories?post=13401"},{"taxonomy":"post_tag","embeddable":true,"href":"http:\/\/nai.is\/en\/wp-json\/wp\/v2\/tags?post=13401"}],"curies":[{"name":"wp","href":"https:\/\/api.w.org\/{rel}","templated":true}]}}