{"id":13068,"date":"2021-12-29T16:39:04","date_gmt":"2021-12-29T16:39:04","guid":{"rendered":"https:\/\/nai.is\/?p=13068"},"modified":"2021-12-29T17:40:29","modified_gmt":"2021-12-29T17:40:29","slug":"stofnfundur-hadegisdeildar-na-verdur-a-threttandanum-i-holtagordum","status":"publish","type":"post","link":"http:\/\/nai.is\/en\/stofnfundur-hadegisdeildar-na-verdur-a-threttandanum-i-holtagordum\/","title":{"rendered":"Stofnfundur H\u00e1degisdeildar NA ver\u00f0ur \u00e1 \u00ferett\u00e1ndanum \u00ed Holtag\u00f6r\u00f0um"},"content":{"rendered":"<figure class=\"wp-block-image size-large is-style-default\"><img fetchpriority=\"high\" decoding=\"async\" width=\"1024\" height=\"400\" src=\"http:\/\/nai.is\/wp-content\/uploads\/2021\/12\/266389612_481531176904406_7146279721319226155_n-3-1024x400.png\" alt=\"\" class=\"wp-image-13072\" srcset=\"http:\/\/nai.is\/wp-content\/uploads\/2021\/12\/266389612_481531176904406_7146279721319226155_n-3-1024x400.png 1024w, http:\/\/nai.is\/wp-content\/uploads\/2021\/12\/266389612_481531176904406_7146279721319226155_n-3-600x235.png 600w, http:\/\/nai.is\/wp-content\/uploads\/2021\/12\/266389612_481531176904406_7146279721319226155_n-3-300x117.png 300w, http:\/\/nai.is\/wp-content\/uploads\/2021\/12\/266389612_481531176904406_7146279721319226155_n-3-768x300.png 768w, http:\/\/nai.is\/wp-content\/uploads\/2021\/12\/266389612_481531176904406_7146279721319226155_n-3-1536x601.png 1536w, http:\/\/nai.is\/wp-content\/uploads\/2021\/12\/266389612_481531176904406_7146279721319226155_n-3.png 1800w\" sizes=\"(max-width: 1024px) 100vw, 1024px\" \/><\/figure>\n\n\n\n<p>Stofnfundur H\u00e1degisdeildar NA er 6. jan\u00faar. Samviskufundur ver\u00f0ur haldinn fyrir fundinn (hefst kl 11:30). \u00deeir sem hafa \u00e1huga \u00e1 a\u00f0 koma a\u00f0 stofnun deildarinnar og vera me\u00f0 \u00ed kjarna hennar eru hvattir til a\u00f0 m\u00e6ta \u00e1 samviskufundinn.<\/p>\n\n\n\n<p>N\u00e1nari uppl\u00fdsingar um sta\u00f0setningu og t\u00edma m\u00e1 finna h\u00e9r: <a href=\"https:\/\/nai.is\/en\/meetings\/hadegisdeild\/?tsml-day=4\" target=\"_blank\" rel=\"noreferrer noopener\">https:\/\/nai.is\/meetings\/hadegisdeild\/?tsml-day=4<\/a><\/p>","protected":false},"excerpt":{"rendered":"<p>Stofnfundur H\u00e1degisdeildar NA er 6. jan\u00faar. Samviskufundur ver\u00f0ur haldinn fyrir fundinn (hefst kl 11:30). \u00deeir sem hafa \u00e1huga \u00e1 a\u00f0 koma a\u00f0 stofnun deildarinnar og vera me\u00f0 \u00ed kjarna hennar eru hvattir til a\u00f0 m\u00e6ta \u00e1 samviskufundinn. N\u00e1nari uppl\u00fdsingar um sta\u00f0setningu og t\u00edma m\u00e1 finna h\u00e9r: https:\/\/nai.is\/meetings\/hadegisdeild\/?tsml-day=4<\/p>","protected":false},"author":16,"featured_media":0,"comment_status":"closed","ping_status":"closed","sticky":false,"template":"","format":"standard","meta":{"_exactmetrics_skip_tracking":false,"_exactmetrics_sitenote_active":false,"_exactmetrics_sitenote_note":"","_exactmetrics_sitenote_category":0,"footnotes":"","_links_to":"","_links_to_target":""},"categories":[23],"tags":[],"class_list":["post-13068","post","type-post","status-publish","format-standard","hentry","category-frettir"],"jetpack_featured_media_url":"","_links":{"self":[{"href":"http:\/\/nai.is\/en\/wp-json\/wp\/v2\/posts\/13068","targetHints":{"allow":["GET"]}}],"collection":[{"href":"http:\/\/nai.is\/en\/wp-json\/wp\/v2\/posts"}],"about":[{"href":"http:\/\/nai.is\/en\/wp-json\/wp\/v2\/types\/post"}],"author":[{"embeddable":true,"href":"http:\/\/nai.is\/en\/wp-json\/wp\/v2\/users\/16"}],"replies":[{"embeddable":true,"href":"http:\/\/nai.is\/en\/wp-json\/wp\/v2\/comments?post=13068"}],"version-history":[{"count":0,"href":"http:\/\/nai.is\/en\/wp-json\/wp\/v2\/posts\/13068\/revisions"}],"wp:attachment":[{"href":"http:\/\/nai.is\/en\/wp-json\/wp\/v2\/media?parent=13068"}],"wp:term":[{"taxonomy":"category","embeddable":true,"href":"http:\/\/nai.is\/en\/wp-json\/wp\/v2\/categories?post=13068"},{"taxonomy":"post_tag","embeddable":true,"href":"http:\/\/nai.is\/en\/wp-json\/wp\/v2\/tags?post=13068"}],"curies":[{"name":"wp","href":"https:\/\/api.w.org\/{rel}","templated":true}]}}